{"id":835,"date":"2024-04-11T16:06:41","date_gmt":"2024-04-11T14:06:41","guid":{"rendered":"https:\/\/olc.mindinclusion.eu\/uncategorized-ro\/modulul-1-mind-inclusion-proiectul-si-aspectele-teoretice\/"},"modified":"2025-12-03T16:45:47","modified_gmt":"2025-12-03T15:45:47","slug":"modulul-1-mind-inclusion-proiectul-si-aspectele-teoretice","status":"publish","type":"post","link":"https:\/\/olc.mindinclusion.eu\/ro\/proiect\/modulul-1-mind-inclusion-proiectul-si-aspectele-teoretice\/","title":{"rendered":"MODULUL 1 &#8211; Mind Inclusion: proiectul \u0219i aspectele teoretice"},"content":{"rendered":"<div class=\"fusion-fullwidth fullwidth-box fusion-builder-row-1 fusion-flex-container has-pattern-background has-mask-background nonhundred-percent-fullwidth non-hundred-percent-height-scrolling\" style=\"--awb-border-radius-top-left:0px;--awb-border-radius-top-right:0px;--awb-border-radius-bottom-right:0px;--awb-border-radius-bottom-left:0px;--awb-flex-wrap:wrap;\" ><div class=\"fusion-builder-row fusion-row fusion-flex-align-items-flex-start fusion-flex-content-wrap\" style=\"max-width:1248px;margin-left: calc(-4% \/ 2 );margin-right: calc(-4% \/ 2 );\"><div class=\"fusion-layout-column fusion_builder_column fusion-builder-column-0 fusion_builder_column_1_1 1_1 fusion-flex-column\" style=\"--awb-bg-size:cover;--awb-width-large:100%;--awb-margin-top-large:0px;--awb-spacing-right-large:0px;--awb-margin-bottom-large:20px;--awb-spacing-left-large:0px;--awb-width-medium:100%;--awb-order-medium:0;--awb-spacing-right-medium:0px;--awb-spacing-left-medium:0px;--awb-width-small:100%;--awb-order-small:0;--awb-spacing-right-small:1.92%;--awb-spacing-left-small:1.92%;\"><div class=\"fusion-column-wrapper fusion-column-has-shadow fusion-flex-justify-content-flex-start fusion-content-layout-column\"><div class=\"fusion-text fusion-text-1 fusion-text-no-margin\" style=\"--awb-margin-bottom:2vw;\"><p>Acest modul \u00ee\u0219i propune s\u0103 prezinte oamenilor Mind Inclusion \u0219i metodologia sa, ceea ce s-a f\u0103cut deja \u00een Mind Inclusion 2.0 \u0219i impactul pe care l-a avut.<\/p>\n<\/div><div class=\"fusion-tabs fusion-tabs-1 classic vertical-tabs icon-position-left mobile-mode-accordion\" style=\"--icon-color:var(--awb-color6);--icon-active-color:var(--awb-color6);--awb-title-border-radius-top-left:0px;--awb-title-border-radius-top-right:0px;--awb-title-border-radius-bottom-right:0px;--awb-title-border-radius-bottom-left:0px;--awb-title-font-size:18px;--awb-alignment:start;--awb-inactive-color:#e6f8fc;--awb-title-text-color:var(--awb-color8);--awb-title-active-text-color:var(--awb-color6);--awb-background-color:var(--awb-color3);--awb-border-color:var(--awb-color1);--awb-active-border-color:var(--awb-color6);\"><div class=\"nav\"><ul class=\"nav-tabs\" role=\"tablist\"><li class=\"active\" role=\"presentation\"><a class=\"tab-link\" data-toggle=\"tab\" role=\"tab\" aria-controls=\"tab-f9eee4c231f40c66fd4\" aria-selected=\"true\" id=\"fusion-tab-informa\u021biigenerale\" href=\"#tab-f9eee4c231f40c66fd4\"><h4 class=\"fusion-tab-heading\"><i class=\"fontawesome-icon fa-info-circle fas\" aria-hidden=\"true\" style=\"font-size:20px; --icon-color:var(--awb-color6);\"><\/i>Informa\u021bii generale<\/h4><\/a><\/li><li role=\"presentation\"><a class=\"tab-link\" data-toggle=\"tab\" role=\"tab\" aria-controls=\"tab-7aa455a7b07faf4eac5\" aria-selected=\"false\" tabindex=\"-1\" id=\"fusion-tab-video\" href=\"#tab-7aa455a7b07faf4eac5\"><h4 class=\"fusion-tab-heading\"><i class=\"fontawesome-icon fa-youtube fab\" aria-hidden=\"true\" style=\"font-size:20px; --icon-color:var(--awb-color6);\"><\/i>Video<\/h4><\/a><\/li><li role=\"presentation\"><a class=\"tab-link\" data-toggle=\"tab\" role=\"tab\" aria-controls=\"tab-47e4dd5781c70e049e2\" aria-selected=\"false\" tabindex=\"-1\" id=\"fusion-tab-resurse\" href=\"#tab-47e4dd5781c70e049e2\"><h4 class=\"fusion-tab-heading\"><i class=\"fontawesome-icon fa-file-download fas\" aria-hidden=\"true\" style=\"font-size:20px; --icon-color:var(--awb-color6);\"><\/i>Resurse<\/h4><\/a><\/li><\/ul><\/div><div class=\"tab-content\"><div class=\"nav fusion-mobile-tab-nav\"><ul class=\"nav-tabs\" role=\"tablist\"><li class=\"active\" role=\"presentation\"><a class=\"tab-link\" data-toggle=\"tab\" role=\"tab\" aria-controls=\"tab-f9eee4c231f40c66fd4\" aria-selected=\"true\" id=\"mobile-fusion-tab-informa\u021biigenerale\" href=\"#tab-f9eee4c231f40c66fd4\"><h4 class=\"fusion-tab-heading\"><i class=\"fontawesome-icon fa-info-circle fas\" aria-hidden=\"true\" style=\"font-size:20px; --icon-color:var(--awb-color6);\"><\/i>Informa\u021bii generale<\/h4><\/a><\/li><\/ul><\/div><div class=\"tab-pane fade fusion-clearfix in active\" role=\"tabpanel\" tabindex=\"0\" aria-labelledby=\"fusion-tab-informa\u021biigenerale\" id=\"tab-f9eee4c231f40c66fd4\">\n<h4>Ce este Mind Inclusion?<\/h4>\n<p>Persoanele cu dizabilit\u0103\u021bi intelectuale \u0219i\/sau deficien\u021be cognitive \u00eent\u00e2mpin\u0103 adesea dificult\u0103\u021bi \u0219i bariere psihologice \u00een accesul la locurile publice. Metodologia de facilitare a Mind Inclusion, care provine din versiunea anterioar\u0103 a proiectului: Mind Inclusion 2.0, a avut ca scop promovarea \u0219i promovarea incluziunii sociale a persoanelor cu dizabilit\u0103\u021bi intelectuale \u00een comunitatea lor.<\/p>\n<h4>Originile cu versiunea 2.0 \u0219i actuala 3.0<\/h4>\n<p>Adesea, unit\u0103\u021bile publice precum barurile, magazinele, supermarketurile, etc. nu sunt destinate persoanelor cu dizabilit\u0103\u021bi. Mind Inclusion asigur\u0103 acest tip de sprijin \u0219i incluziune.<\/p>\n<h4>Care este metodologia\/abordarea Mind Inclusion?<\/h4>\n<p>Urm\u0103rirea unei abord\u0103ri participative permite identificarea nevoilor reale ale persoanelor cu dizabilit\u0103\u021bi intelectuale \u00een ceea ce prive\u0219te incluziunea social\u0103. Lu\u00e2nd \u00een considerare mediul \u0219i comunitatea pentru aceast\u0103 incluziune social\u0103.<\/p>\n<h4>Ce efecte\/impacte are metodologia Mind Inclusion?<\/h4>\n<p>Aplica\u021bia Mind Inclusion, pilotat\u0103 \u00eentre 2020 \u0219i 2022, a permis persoanelor cu dizabilit\u0103\u021bi intelectuale s\u0103 caute locuri \u0219i activit\u0103\u021bi \u00een comunitatea lor. De asemenea, permite locurilor de afaceri s\u0103 cunoasc\u0103 gradul de accesibilitate cognitiv\u0103 a loca\u021biei lor \u0219i le ofer\u0103 posibilitatea de a o \u00eembun\u0103t\u0103\u021bi.<\/p>\n<\/div><div class=\"nav fusion-mobile-tab-nav\"><ul class=\"nav-tabs\" role=\"tablist\"><li role=\"presentation\"><a class=\"tab-link\" data-toggle=\"tab\" role=\"tab\" aria-controls=\"tab-7aa455a7b07faf4eac5\" aria-selected=\"false\" tabindex=\"-1\" id=\"mobile-fusion-tab-video\" href=\"#tab-7aa455a7b07faf4eac5\"><h4 class=\"fusion-tab-heading\"><i class=\"fontawesome-icon fa-youtube fab\" aria-hidden=\"true\" style=\"font-size:20px; --icon-color:var(--awb-color6);\"><\/i>Video<\/h4><\/a><\/li><\/ul><\/div><div class=\"tab-pane fade fusion-clearfix\" role=\"tabpanel\" tabindex=\"0\" aria-labelledby=\"fusion-tab-video\" id=\"tab-7aa455a7b07faf4eac5\">\n<h4>Mind Inclusion 2.0<\/h4>\n<p>Originea \u0219i evolu\u021bia ini\u021biativei Mind Inclusion<\/p>\n<div class=\"fusion-video fusion-youtube\" style=\"--awb-max-width:600px;--awb-max-height:360px;\"><div class=\"video-shortcode\"><div class=\"fluid-width-video-wrapper\" style=\"padding-top:60%;\" ><iframe title=\"YouTube video player 1\" src=\"https:\/\/www.youtube.com\/embed\/yKOOvwwFOaQ?wmode=transparent&autoplay=0\" width=\"600\" height=\"360\" allowfullscreen allow=\"autoplay; fullscreen\"><\/iframe><\/div><\/div><\/div>\n<ul style=\"--awb-iconcolor:var(--awb-color6);--awb-line-height:27.2px;--awb-icon-width:27.2px;--awb-icon-height:27.2px;--awb-icon-margin:11.2px;--awb-content-margin:38.4px;\" class=\"fusion-checklist fusion-checklist-1 fusion-checklist-default type-icons\"><li class=\"fusion-li-item\" style=\"\"><span class=\"icon-wrapper circle-no\"><i class=\"fusion-li-icon fa-file-download fas\" aria-hidden=\"true\"><\/i><\/span><div class=\"fusion-li-item-content\"><a href=\"https:\/\/drive.google.com\/file\/d\/1prVdrvY6qbhzVGw8mVTfe2sW30soEmJZ\/view?usp=drive_link\" target=\"_blank\" rel=\"noopener\">MODULUL 1 &#8211; video romenian script<\/a><\/div><\/li><\/ul>\n<\/div><div class=\"nav fusion-mobile-tab-nav\"><ul class=\"nav-tabs\" role=\"tablist\"><li role=\"presentation\"><a class=\"tab-link\" data-toggle=\"tab\" role=\"tab\" aria-controls=\"tab-47e4dd5781c70e049e2\" aria-selected=\"false\" tabindex=\"-1\" id=\"mobile-fusion-tab-resurse\" href=\"#tab-47e4dd5781c70e049e2\"><h4 class=\"fusion-tab-heading\"><i class=\"fontawesome-icon fa-file-download fas\" aria-hidden=\"true\" style=\"font-size:20px; --icon-color:var(--awb-color6);\"><\/i>Resurse<\/h4><\/a><\/li><\/ul><\/div><div class=\"tab-pane fade fusion-clearfix\" role=\"tabpanel\" tabindex=\"0\" aria-labelledby=\"fusion-tab-resurse\" id=\"tab-47e4dd5781c70e049e2\">\n<h4>Resurse<\/h4>\n<ul style=\"--awb-iconcolor:var(--awb-color6);--awb-line-height:27.2px;--awb-icon-width:27.2px;--awb-icon-height:27.2px;--awb-icon-margin:11.2px;--awb-content-margin:38.4px;\" class=\"fusion-checklist fusion-checklist-2 fusion-checklist-default type-icons\"><li class=\"fusion-li-item\" style=\"\"><span class=\"icon-wrapper circle-no\"><i class=\"fusion-li-icon fa-file-download fas\" aria-hidden=\"true\"><\/i><\/span><div class=\"fusion-li-item-content\"><a href=\"https:\/\/drive.google.com\/file\/d\/1ak1yyNuk8nSYVgL271gt2_ek8HLCIIDi\/view?usp=sharing\" target=\"_blank\" rel=\"noopener\">MODULUL 1 &#8211; Descrierea proiectului<\/a><\/div><\/li><\/ul>\n<div class=\"awb-gallery-wrapper awb-gallery-wrapper-1 button-span-no\" style=\"--more-btn-alignment:center;\"><div style=\"margin:-10px;--awb-bordersize:0px;\" class=\"fusion-gallery fusion-gallery-container fusion-grid-2 fusion-columns-total-2 fusion-gallery-layout-grid fusion-gallery-1\"><div style=\"padding:10px;\" class=\"fusion-grid-column fusion-gallery-column fusion-gallery-column-2 hover-type-none\"><div class=\"fusion-gallery-image\"><a href=\"https:\/\/olc.mindinclusion.eu\/wp-content\/uploads\/2024\/10\/proiectare-participativa.png\" rel=\"noreferrer\" data-rel=\"iLightbox[gallery_image_1]\" class=\"fusion-lightbox\" target=\"_self\"><img decoding=\"async\" src=\"https:\/\/olc.mindinclusion.eu\/wp-content\/uploads\/2024\/10\/proiectare-participativa.png\" width=\"1920\" height=\"1080\" alt=\"\" title=\"proiectare participativ\u0103\" aria-label=\"proiectare participativ\u0103\" class=\"img-responsive wp-image-\"  \/><\/a><\/div><\/div><div style=\"padding:10px;\" class=\"fusion-grid-column fusion-gallery-column fusion-gallery-column-2 hover-type-none\"><div class=\"fusion-gallery-image\"><a href=\"https:\/\/olc.mindinclusion.eu\/wp-content\/uploads\/2024\/10\/Statistici-aplicatii.jpg\" rel=\"noreferrer\" data-rel=\"iLightbox[gallery_image_1]\" class=\"fusion-lightbox\" target=\"_self\"><img decoding=\"async\" src=\"https:\/\/olc.mindinclusion.eu\/wp-content\/uploads\/2024\/10\/Statistici-aplicatii.jpg\" width=\"800\" height=\"2000\" alt=\"\" title=\"Statistici aplica\u021bii\" aria-label=\"Statistici aplica\u021bii\" class=\"img-responsive wp-image-\"  \/><\/a><\/div><\/div><div class=\"clearfix\"><\/div><\/div><\/div>\n<\/div><\/div><\/div><\/div><\/div><\/div><\/div>\n","protected":false},"excerpt":{"rendered":"","protected":false},"author":1,"featured_media":433,"comment_status":"closed","ping_status":"open","sticky":false,"template":"","format":"standard","meta":{"footnotes":""},"categories":[75],"tags":[],"class_list":["post-835","post","type-post","status-publish","format-standard","has-post-thumbnail","hentry","category-proiect"],"_links":{"self":[{"href":"https:\/\/olc.mindinclusion.eu\/ro\/wp-json\/wp\/v2\/posts\/835","targetHints":{"allow":["GET"]}}],"collection":[{"href":"https:\/\/olc.mindinclusion.eu\/ro\/wp-json\/wp\/v2\/posts"}],"about":[{"href":"https:\/\/olc.mindinclusion.eu\/ro\/wp-json\/wp\/v2\/types\/post"}],"author":[{"embeddable":true,"href":"https:\/\/olc.mindinclusion.eu\/ro\/wp-json\/wp\/v2\/users\/1"}],"replies":[{"embeddable":true,"href":"https:\/\/olc.mindinclusion.eu\/ro\/wp-json\/wp\/v2\/comments?post=835"}],"version-history":[{"count":6,"href":"https:\/\/olc.mindinclusion.eu\/ro\/wp-json\/wp\/v2\/posts\/835\/revisions"}],"predecessor-version":[{"id":1190,"href":"https:\/\/olc.mindinclusion.eu\/ro\/wp-json\/wp\/v2\/posts\/835\/revisions\/1190"}],"wp:featuredmedia":[{"embeddable":true,"href":"https:\/\/olc.mindinclusion.eu\/ro\/wp-json\/wp\/v2\/media\/433"}],"wp:attachment":[{"href":"https:\/\/olc.mindinclusion.eu\/ro\/wp-json\/wp\/v2\/media?parent=835"}],"wp:term":[{"taxonomy":"category","embeddable":true,"href":"https:\/\/olc.mindinclusion.eu\/ro\/wp-json\/wp\/v2\/categories?post=835"},{"taxonomy":"post_tag","embeddable":true,"href":"https:\/\/olc.mindinclusion.eu\/ro\/wp-json\/wp\/v2\/tags?post=835"}],"curies":[{"name":"wp","href":"https:\/\/api.w.org\/{rel}","templated":true}]}}