{"id":736,"date":"2024-04-11T11:42:18","date_gmt":"2024-04-11T09:42:18","guid":{"rendered":"https:\/\/olc.mindinclusion.eu\/uncategorized-ro\/modulul-5-instrumente-digitale-si-tehnologice-familii-si-autodeterminare\/"},"modified":"2025-12-03T16:47:55","modified_gmt":"2025-12-03T15:47:55","slug":"modulul-5-instrumente-digitale-si-tehnologice-familii-si-autodeterminare","status":"publish","type":"post","link":"https:\/\/olc.mindinclusion.eu\/ro\/oameni\/modulul-5-instrumente-digitale-si-tehnologice-familii-si-autodeterminare\/","title":{"rendered":"MODULUL 5 &#8211; Instrumente digitale \u0219i tehnologice: familii \u0219i autodeterminarea"},"content":{"rendered":"<div class=\"fusion-fullwidth fullwidth-box fusion-builder-row-1 fusion-flex-container has-pattern-background has-mask-background nonhundred-percent-fullwidth non-hundred-percent-height-scrolling\" style=\"--awb-border-radius-top-left:0px;--awb-border-radius-top-right:0px;--awb-border-radius-bottom-right:0px;--awb-border-radius-bottom-left:0px;--awb-flex-wrap:wrap;\" ><div class=\"fusion-builder-row fusion-row fusion-flex-align-items-flex-start fusion-flex-content-wrap\" style=\"max-width:1248px;margin-left: calc(-4% \/ 2 );margin-right: calc(-4% \/ 2 );\"><div class=\"fusion-layout-column fusion_builder_column fusion-builder-column-0 fusion_builder_column_1_1 1_1 fusion-flex-column\" style=\"--awb-bg-size:cover;--awb-width-large:100%;--awb-margin-top-large:0px;--awb-spacing-right-large:0px;--awb-margin-bottom-large:20px;--awb-spacing-left-large:0px;--awb-width-medium:100%;--awb-order-medium:0;--awb-spacing-right-medium:0px;--awb-spacing-left-medium:0px;--awb-width-small:100%;--awb-order-small:0;--awb-spacing-right-small:1.92%;--awb-spacing-left-small:1.92%;\"><div class=\"fusion-column-wrapper fusion-column-has-shadow fusion-flex-justify-content-flex-start fusion-content-layout-column\"><div class=\"fusion-text fusion-text-1 fusion-text-no-margin\" style=\"--awb-margin-bottom:2vw;\"><p>Modulul dore\u0219te s\u0103 explice modul de sus\u021binere a membrilor familiei persoanelor cu dizabilit\u0103\u021bi intelectuale \u00een metodologia Mind Inclusion. Mind Inclusion, de fapt, pe l\u00e2ng\u0103 faptul c\u0103 este o metod\u0103, are un instrument, o aplica\u021bie. De multe ori familiile persoanelor cu dizabilit\u0103\u021bi intelectuale le este fric\u0103 s\u0103-\u0219i \u00eenfrunte copiii cu dizabilit\u0103\u021bi pentru c\u0103 nu sunt preg\u0103tite. Oricum, digitalul \u0219i tehnologia fac parte din via\u021ba noastr\u0103 de zi cu zi, chiar \u0219i pentru persoanele cu dizabilit\u0103\u021bi, motiv pentru care Mind Inclusion dore\u0219te s\u0103 le ajute s\u0103-i fac\u0103 mai autonomi \u0219i mai autodetermina\u021bi. Prin urmare, modulul abordeaz\u0103 metodologia Mind Inclusion care trateaz\u0103 aspecte relevante pentru familie, riscurile \u0219i oportunit\u0103\u021bile cu care se pot confrunta \u0219i modul de protejare a persoanelor cu dizabilit\u0103\u021bi cu aspecte practice, cum ar fi controlul parental.<\/p>\n<\/div><div class=\"fusion-tabs fusion-tabs-1 classic vertical-tabs icon-position-left mobile-mode-accordion\" style=\"--icon-color:var(--awb-color6);--icon-active-color:var(--awb-color6);--awb-title-border-radius-top-left:0px;--awb-title-border-radius-top-right:0px;--awb-title-border-radius-bottom-right:0px;--awb-title-border-radius-bottom-left:0px;--awb-title-font-size:18px;--awb-alignment:start;--awb-inactive-color:#e6f8fc;--awb-title-text-color:var(--awb-color8);--awb-title-active-text-color:var(--awb-color6);--awb-background-color:var(--awb-color3);--awb-border-color:var(--awb-color1);--awb-active-border-color:var(--awb-color6);\"><div class=\"nav\"><ul class=\"nav-tabs\" role=\"tablist\"><li class=\"active\" role=\"presentation\"><a class=\"tab-link\" data-toggle=\"tab\" role=\"tab\" aria-controls=\"tab-f8513d435a6fb74ceef\" aria-selected=\"true\" id=\"fusion-tab-informa\u021biigenerale\" href=\"#tab-f8513d435a6fb74ceef\"><h4 class=\"fusion-tab-heading\"><i class=\"fontawesome-icon fa-info-circle fas\" aria-hidden=\"true\" style=\"font-size:20px; --icon-color:var(--awb-color6);\"><\/i>Informa\u021bii generale<\/h4><\/a><\/li><li role=\"presentation\"><a class=\"tab-link\" data-toggle=\"tab\" role=\"tab\" aria-controls=\"tab-7d716c4b5cbc9647637\" aria-selected=\"false\" tabindex=\"-1\" id=\"fusion-tab-resurse\" href=\"#tab-7d716c4b5cbc9647637\"><h4 class=\"fusion-tab-heading\"><i class=\"fontawesome-icon fa-file-download fas\" aria-hidden=\"true\" style=\"font-size:20px; --icon-color:var(--awb-color6);\"><\/i>Resurse<\/h4><\/a><\/li><\/ul><\/div><div class=\"tab-content\"><div class=\"nav fusion-mobile-tab-nav\"><ul class=\"nav-tabs\" role=\"tablist\"><li class=\"active\" role=\"presentation\"><a class=\"tab-link\" data-toggle=\"tab\" role=\"tab\" aria-controls=\"tab-f8513d435a6fb74ceef\" aria-selected=\"true\" id=\"mobile-fusion-tab-informa\u021biigenerale\" href=\"#tab-f8513d435a6fb74ceef\"><h4 class=\"fusion-tab-heading\"><i class=\"fontawesome-icon fa-info-circle fas\" aria-hidden=\"true\" style=\"font-size:20px; --icon-color:var(--awb-color6);\"><\/i>Informa\u021bii generale<\/h4><\/a><\/li><\/ul><\/div><div class=\"tab-pane fade fusion-clearfix in active\" role=\"tabpanel\" tabindex=\"0\" aria-labelledby=\"fusion-tab-informa\u021biigenerale\" id=\"tab-f8513d435a6fb74ceef\">\n<h4>Metodologia Mind Inclusion: sprijin \u0219i structur\u0103 pentru familiile persoanelor cu dizabilit\u0103\u021bi intelectuale<\/h4>\n<p>Paragraful explic\u0103 modul de implicare a membrilor familiei persoanelor cu dizabilit\u0103\u021bi intelectuale \u00een cadrul metodologiei Mind Inclusion. \u00cen timp ce metodologia este conceput\u0103 pentru persoanele cu dizabilit\u0103\u021bi intelectuale, ea \u00ee\u0219i propune \u0219i s\u0103 ofere \u00eendrum\u0103ri pentru sprijinirea membrilor familiei, subliniind diferitele faze care pot fi utile \u00een implicarea acestora.<\/p>\n<h4>Persoane cu dizabilit\u0103\u021bi intelectuale: autonomie \u0219i autodeterminare<\/h4>\n<p>Paragraful explic\u0103 modul \u00een care metodologia Mind Inclusion \u00ee\u0219i propune s\u0103 ajute la \u00eembun\u0103t\u0103\u021birea autonomiei \u0219i autodeterminarii persoanelor cu dizabilit\u0103\u021bi intelectuale, unul dintre obiectivele principale ale acestei metode \u0219i abord\u0103ri. Prin urmare, aceste dou\u0103 concepte sunt explicate teoretic prin discutarea diferitelor teorii pentru a oferi o privire de ansamblu precis\u0103 a acestora.<\/p>\n<h4>Tehnologia digital\u0103: riscuri \u0219i oportunit\u0103\u021bi<\/h4>\n<p>Paragraful subliniaz\u0103 riscurile cu care se pot confrunta persoanele cu dizabilit\u0103\u021bi \u00een timpul utiliz\u0103rii instrumentelor digitale \u0219i tehnologice. \u00cen acela\u0219i timp, abordeaz\u0103 oportunit\u0103\u021bile care sunt adesea trecute cu vederea concentr\u00e2ndu-se exclusiv pe aspectele negative. Este \u00eentr-adev\u0103r important s\u0103 fim con\u0219tien\u021bi de riscuri, dar \u0219i s\u0103 fim deschisi la oportunit\u0103\u021bile pe care le pot avea persoanele cu dizabilit\u0103\u021bi dac\u0103 sunt sprijinite \u00een utilizarea instrumentelor digitale \u0219i tehnologice.<\/p>\n<h4>Ce instrumente exist\u0103 pentru sprijinirea familiilor?<\/h4>\n<p>Paragraful prezint\u0103 instrumentele concrete pe care familiile le pot folosi pentru a permite utilizarea instrumentelor digitale \u0219i tehnologice pentru persoanele cu dizabilit\u0103\u021bi, dar cu o mai mare siguran\u021b\u0103. Acest lucru poate fi util pentru profesioni\u0219tii care lucreaz\u0103 cu familiile pentru a introduce subiectul \u0219i a dezvolta un plan de sprijin pentru aceast\u0103 problem\u0103. O mare parte a paragrafului se va concentra pe controlul parental, oferind informa\u021bii specifice.<\/p>\n<h4>P\u0103rerea familiilor care au utilizat metodologia Mind Inclusion?<\/h4>\n<p>Paragraful prezint\u0103 m\u0103rturii ale unor membri ai familiei cu privire la metodologia Mind Inclusion.<\/p>\n<\/div><div class=\"nav fusion-mobile-tab-nav\"><ul class=\"nav-tabs\" role=\"tablist\"><li role=\"presentation\"><a class=\"tab-link\" data-toggle=\"tab\" role=\"tab\" aria-controls=\"tab-7d716c4b5cbc9647637\" aria-selected=\"false\" tabindex=\"-1\" id=\"mobile-fusion-tab-resurse\" href=\"#tab-7d716c4b5cbc9647637\"><h4 class=\"fusion-tab-heading\"><i class=\"fontawesome-icon fa-file-download fas\" aria-hidden=\"true\" style=\"font-size:20px; --icon-color:var(--awb-color6);\"><\/i>Resurse<\/h4><\/a><\/li><\/ul><\/div><div class=\"tab-pane fade fusion-clearfix\" role=\"tabpanel\" tabindex=\"0\" aria-labelledby=\"fusion-tab-resurse\" id=\"tab-7d716c4b5cbc9647637\">\n<h4>Resurse<\/h4>\n<ul style=\"--awb-iconcolor:var(--awb-color6);--awb-line-height:27.2px;--awb-icon-width:27.2px;--awb-icon-height:27.2px;--awb-icon-margin:11.2px;--awb-content-margin:38.4px;\" class=\"fusion-checklist fusion-checklist-1 fusion-checklist-default type-icons\"><li class=\"fusion-li-item\" style=\"\"><span class=\"icon-wrapper circle-no\"><i class=\"fusion-li-icon fa-file-download fas\" aria-hidden=\"true\"><\/i><\/span><div class=\"fusion-li-item-content\"><a href=\"https:\/\/drive.google.com\/file\/d\/1x0kOlEWEu3sU0qMByB_CdITim8Q8oJ5q\/view?usp=sharing\" target=\"_blank\" rel=\"noopener\">MODULUL 5 &#8211; Instrumente digitale \u0219i tehnologice: familii \u0219i autodeterminarea<\/a><\/div><\/li><\/ul>\n<\/div><\/div><\/div><\/div><\/div><\/div><\/div>\n","protected":false},"excerpt":{"rendered":"","protected":false},"author":1,"featured_media":445,"comment_status":"closed","ping_status":"open","sticky":false,"template":"","format":"standard","meta":{"footnotes":""},"categories":[70,62],"tags":[],"class_list":["post-736","post","type-post","status-publish","format-standard","has-post-thumbnail","hentry","category-familie","category-oameni"],"_links":{"self":[{"href":"https:\/\/olc.mindinclusion.eu\/ro\/wp-json\/wp\/v2\/posts\/736","targetHints":{"allow":["GET"]}}],"collection":[{"href":"https:\/\/olc.mindinclusion.eu\/ro\/wp-json\/wp\/v2\/posts"}],"about":[{"href":"https:\/\/olc.mindinclusion.eu\/ro\/wp-json\/wp\/v2\/types\/post"}],"author":[{"embeddable":true,"href":"https:\/\/olc.mindinclusion.eu\/ro\/wp-json\/wp\/v2\/users\/1"}],"replies":[{"embeddable":true,"href":"https:\/\/olc.mindinclusion.eu\/ro\/wp-json\/wp\/v2\/comments?post=736"}],"version-history":[{"count":7,"href":"https:\/\/olc.mindinclusion.eu\/ro\/wp-json\/wp\/v2\/posts\/736\/revisions"}],"predecessor-version":[{"id":1196,"href":"https:\/\/olc.mindinclusion.eu\/ro\/wp-json\/wp\/v2\/posts\/736\/revisions\/1196"}],"wp:featuredmedia":[{"embeddable":true,"href":"https:\/\/olc.mindinclusion.eu\/ro\/wp-json\/wp\/v2\/media\/445"}],"wp:attachment":[{"href":"https:\/\/olc.mindinclusion.eu\/ro\/wp-json\/wp\/v2\/media?parent=736"}],"wp:term":[{"taxonomy":"category","embeddable":true,"href":"https:\/\/olc.mindinclusion.eu\/ro\/wp-json\/wp\/v2\/categories?post=736"},{"taxonomy":"post_tag","embeddable":true,"href":"https:\/\/olc.mindinclusion.eu\/ro\/wp-json\/wp\/v2\/tags?post=736"}],"curies":[{"name":"wp","href":"https:\/\/api.w.org\/{rel}","templated":true}]}}