{"id":760,"date":"2024-04-11T11:42:18","date_gmt":"2024-04-11T09:42:18","guid":{"rendered":"https:\/\/olc.mindinclusion.eu\/non-categorizzato\/modulo-5-strumenti-digitali-e-tecnologici-famiglie-e-autodeterminazione\/"},"modified":"2025-12-03T17:22:56","modified_gmt":"2025-12-03T16:22:56","slug":"modulo-5-strumenti-digitali-e-tecnologici-famiglie-e-autodeterminazione","status":"publish","type":"post","link":"https:\/\/olc.mindinclusion.eu\/it\/persone\/modulo-5-strumenti-digitali-e-tecnologici-famiglie-e-autodeterminazione\/","title":{"rendered":"MODULO 5 &#8211; Strumenti digitali e tecnologici: famiglie e autodeterminazione"},"content":{"rendered":"<div class=\"fusion-fullwidth fullwidth-box fusion-builder-row-1 fusion-flex-container has-pattern-background has-mask-background nonhundred-percent-fullwidth non-hundred-percent-height-scrolling\" style=\"--awb-border-radius-top-left:0px;--awb-border-radius-top-right:0px;--awb-border-radius-bottom-right:0px;--awb-border-radius-bottom-left:0px;--awb-flex-wrap:wrap;\" ><div class=\"fusion-builder-row fusion-row fusion-flex-align-items-flex-start fusion-flex-content-wrap\" style=\"max-width:1248px;margin-left: calc(-4% \/ 2 );margin-right: calc(-4% \/ 2 );\"><div class=\"fusion-layout-column fusion_builder_column fusion-builder-column-0 fusion_builder_column_1_1 1_1 fusion-flex-column\" style=\"--awb-bg-size:cover;--awb-width-large:100%;--awb-margin-top-large:0px;--awb-spacing-right-large:0px;--awb-margin-bottom-large:20px;--awb-spacing-left-large:0px;--awb-width-medium:100%;--awb-order-medium:0;--awb-spacing-right-medium:0px;--awb-spacing-left-medium:0px;--awb-width-small:100%;--awb-order-small:0;--awb-spacing-right-small:1.92%;--awb-spacing-left-small:1.92%;\"><div class=\"fusion-column-wrapper fusion-column-has-shadow fusion-flex-justify-content-flex-start fusion-content-layout-column\"><div class=\"fusion-text fusion-text-1 fusion-text-no-margin\" style=\"--awb-margin-bottom:2vw;\"><p><span style=\"font-weight: 400;\">The module wants to explain how to support family members of people with intellectual disabilities in the Mind Inclusion methodology. Mind Inclusion, in fact, besides being a method, has a tool, an app. Many times families of people with intellectual disabilities are afraid to face their children with disabilities because they are unprepared. Anyway, digital and technology are part of our everyday life, even for people with disabilities, which is why Mind Inclusion wants to help make them more autonomous and self-determined. The module, therefore, addresses the Mind Inclusion methodology dealing with relevant aspects for the family, the risks and opportunities that can be faced, and how to protect people with disabilities with practical aspects such as parental control.<\/span><\/p>\n<\/div><div class=\"fusion-tabs fusion-tabs-1 classic vertical-tabs icon-position-left mobile-mode-accordion\" style=\"--icon-color:var(--awb-color6);--icon-active-color:var(--awb-color6);--awb-title-border-radius-top-left:0px;--awb-title-border-radius-top-right:0px;--awb-title-border-radius-bottom-right:0px;--awb-title-border-radius-bottom-left:0px;--awb-title-font-size:18px;--awb-alignment:start;--awb-inactive-color:#e6f8fc;--awb-title-text-color:var(--awb-color8);--awb-title-active-text-color:var(--awb-color6);--awb-background-color:var(--awb-color3);--awb-border-color:var(--awb-color1);--awb-active-border-color:var(--awb-color6);\"><div class=\"nav\"><ul class=\"nav-tabs\" role=\"tablist\"><li class=\"active\" role=\"presentation\"><a class=\"tab-link\" data-toggle=\"tab\" role=\"tab\" aria-controls=\"tab-05c14110d1f51ff39db\" aria-selected=\"true\" id=\"fusion-tab-informazionigenerali\" href=\"#tab-05c14110d1f51ff39db\"><h4 class=\"fusion-tab-heading\"><i class=\"fontawesome-icon fa-info-circle fas\" aria-hidden=\"true\" style=\"font-size:20px; --icon-color:var(--awb-color6);\"><\/i>Informazioni generali<\/h4><\/a><\/li><li role=\"presentation\"><a class=\"tab-link\" data-toggle=\"tab\" role=\"tab\" aria-controls=\"tab-372565d7d704177116b\" aria-selected=\"false\" tabindex=\"-1\" id=\"fusion-tab-risorse\" href=\"#tab-372565d7d704177116b\"><h4 class=\"fusion-tab-heading\"><i class=\"fontawesome-icon fa-file-download fas\" aria-hidden=\"true\" style=\"font-size:20px; --icon-color:var(--awb-color6);\"><\/i>Risorse<\/h4><\/a><\/li><\/ul><\/div><div class=\"tab-content\"><div class=\"nav fusion-mobile-tab-nav\"><ul class=\"nav-tabs\" role=\"tablist\"><li class=\"active\" role=\"presentation\"><a class=\"tab-link\" data-toggle=\"tab\" role=\"tab\" aria-controls=\"tab-05c14110d1f51ff39db\" aria-selected=\"true\" id=\"mobile-fusion-tab-informazionigenerali\" href=\"#tab-05c14110d1f51ff39db\"><h4 class=\"fusion-tab-heading\"><i class=\"fontawesome-icon fa-info-circle fas\" aria-hidden=\"true\" style=\"font-size:20px; --icon-color:var(--awb-color6);\"><\/i>Informazioni generali<\/h4><\/a><\/li><\/ul><\/div><div class=\"tab-pane fade fusion-clearfix in active\" role=\"tabpanel\" tabindex=\"0\" aria-labelledby=\"fusion-tab-informazionigenerali\" id=\"tab-05c14110d1f51ff39db\">\n<h4>Metodologia Mind Inclusion: supporto e struttura per le famiglie di persone con disabilit\u00e0 intellettiva<\/h4>\n<p><span style=\"font-weight: 400;\">Il paragrafo spiega come coinvolgere i familiari di persone con disabilit\u00e0 intellettiva nell&#8217;ambito della metodologia Mind Inclusion.<br \/>\nSebbene la metodologia sia pensata per le persone con disabilit\u00e0 intellettiva, mira anche a fornire una guida per sostenere i familiari, delineando le varie fasi che possono essere utili per il loro coinvolgimento. <\/span><\/p>\n<h4>Persone con disabilit\u00e0 intellettiva: autonomia e autodeterminazione<\/h4>\n<p><span style=\"font-weight: 400;\">Il paragrafo spiega come la metodologia Mind Inclusion si propone di contribuire a migliorare l&#8217;autonomia e l&#8217;autodeterminazione delle persone con disabilit\u00e0 intellettiva, uno degli obiettivi principali di questo metodo e approccio.<br \/>\nPertanto, questi due concetti vengono spiegati teoricamente discutendo varie teorie per fornire una panoramica precisa su di essi. <\/span><\/p>\n<h4>Tecnologia digitale: rischi e opportunit\u00e0<\/h4>\n<p><span style=\"font-weight: 400;\">Il paragrafo illustra i rischi che le persone con disabilit\u00e0 possono incontrare nell&#8217;utilizzo degli strumenti digitali e tecnologici.<br \/>\nAllo stesso tempo, affronta le opportunit\u00e0 che spesso vengono trascurate concentrandosi solo sugli aspetti negativi.<br \/>\n\u00c8 infatti importante essere consapevoli dei rischi, ma anche aprirsi alle opportunit\u00e0 che le persone con disabilit\u00e0 possono avere se supportate nell&#8217;uso degli strumenti digitali e tecnologici. <\/span><\/p>\n<h4>Quali strumenti per sostenere le famiglie?<\/h4>\n<p><span style=\"font-weight: 400;\">Il paragrafo illustra gli strumenti concreti che le famiglie possono utilizzare per consentire l&#8217;uso di strumenti digitali e tecnologici alle persone con disabilit\u00e0 ma con maggiore sicurezza.<br \/>\nQuesto pu\u00f2 essere utile ai professionisti che lavorano con le famiglie per introdurre l&#8217;argomento e sviluppare un piano di supporto per questo tema.<br \/>\nGran parte del paragrafo si concentra sul controllo parentale, fornendo informazioni specifiche. <\/span><\/p>\n<h4>Cosa riportano le famiglie?<\/h4>\n<p><span style=\"font-weight: 400;\">Il paragrafo presenta le testimonianze di alcuni familiari riguardo alla metodologia Mind Inclusion.<\/span><\/p>\n<\/div><div class=\"nav fusion-mobile-tab-nav\"><ul class=\"nav-tabs\" role=\"tablist\"><li role=\"presentation\"><a class=\"tab-link\" data-toggle=\"tab\" role=\"tab\" aria-controls=\"tab-372565d7d704177116b\" aria-selected=\"false\" tabindex=\"-1\" id=\"mobile-fusion-tab-risorse\" href=\"#tab-372565d7d704177116b\"><h4 class=\"fusion-tab-heading\"><i class=\"fontawesome-icon fa-file-download fas\" aria-hidden=\"true\" style=\"font-size:20px; --icon-color:var(--awb-color6);\"><\/i>Risorse<\/h4><\/a><\/li><\/ul><\/div><div class=\"tab-pane fade fusion-clearfix\" role=\"tabpanel\" tabindex=\"0\" aria-labelledby=\"fusion-tab-risorse\" id=\"tab-372565d7d704177116b\">\n<h4>Resources<\/h4>\n<ul style=\"--awb-iconcolor:var(--awb-color6);--awb-line-height:27.2px;--awb-icon-width:27.2px;--awb-icon-height:27.2px;--awb-icon-margin:11.2px;--awb-content-margin:38.4px;\" class=\"fusion-checklist fusion-checklist-1 fusion-checklist-default type-icons\"><li class=\"fusion-li-item\" style=\"\"><span class=\"icon-wrapper circle-no\"><i class=\"fusion-li-icon fa-file-download fas\" aria-hidden=\"true\"><\/i><\/span><div class=\"fusion-li-item-content\"><a href=\"https:\/\/drive.google.com\/file\/d\/1aLvV9Y16BUzWQWUdRNymdqjRDmq7KKu4\/view?usp=sharing\" target=\"_blank\" rel=\"noopener\">MODULE 5 &#8211; Digital and technological tools: families and self-determination<\/a><\/div><\/li><\/ul>\n<\/div><\/div><\/div><\/div><\/div><\/div><\/div>\n","protected":false},"excerpt":{"rendered":"","protected":false},"author":1,"featured_media":444,"comment_status":"closed","ping_status":"open","sticky":false,"template":"","format":"standard","meta":{"footnotes":""},"categories":[74,65],"tags":[],"class_list":["post-760","post","type-post","status-publish","format-standard","has-post-thumbnail","hentry","category-famiglia","category-persone"],"_links":{"self":[{"href":"https:\/\/olc.mindinclusion.eu\/it\/wp-json\/wp\/v2\/posts\/760","targetHints":{"allow":["GET"]}}],"collection":[{"href":"https:\/\/olc.mindinclusion.eu\/it\/wp-json\/wp\/v2\/posts"}],"about":[{"href":"https:\/\/olc.mindinclusion.eu\/it\/wp-json\/wp\/v2\/types\/post"}],"author":[{"embeddable":true,"href":"https:\/\/olc.mindinclusion.eu\/it\/wp-json\/wp\/v2\/users\/1"}],"replies":[{"embeddable":true,"href":"https:\/\/olc.mindinclusion.eu\/it\/wp-json\/wp\/v2\/comments?post=760"}],"version-history":[{"count":15,"href":"https:\/\/olc.mindinclusion.eu\/it\/wp-json\/wp\/v2\/posts\/760\/revisions"}],"predecessor-version":[{"id":1210,"href":"https:\/\/olc.mindinclusion.eu\/it\/wp-json\/wp\/v2\/posts\/760\/revisions\/1210"}],"wp:featuredmedia":[{"embeddable":true,"href":"https:\/\/olc.mindinclusion.eu\/it\/wp-json\/wp\/v2\/media\/444"}],"wp:attachment":[{"href":"https:\/\/olc.mindinclusion.eu\/it\/wp-json\/wp\/v2\/media?parent=760"}],"wp:term":[{"taxonomy":"category","embeddable":true,"href":"https:\/\/olc.mindinclusion.eu\/it\/wp-json\/wp\/v2\/categories?post=760"},{"taxonomy":"post_tag","embeddable":true,"href":"https:\/\/olc.mindinclusion.eu\/it\/wp-json\/wp\/v2\/tags?post=760"}],"curies":[{"name":"wp","href":"https:\/\/api.w.org\/{rel}","templated":true}]}}