{"id":725,"date":"2024-04-11T10:58:09","date_gmt":"2024-04-11T08:58:09","guid":{"rendered":"https:\/\/olc.mindinclusion.eu\/sin-categorizar\/modulo-6-como-implicar-a-las-comunidades\/"},"modified":"2025-12-03T16:43:19","modified_gmt":"2025-12-03T15:43:19","slug":"modulo-6-como-implicar-a-las-comunidades","status":"publish","type":"post","link":"https:\/\/olc.mindinclusion.eu\/es\/personas\/modulo-6-como-implicar-a-las-comunidades\/","title":{"rendered":"M\u00d3DULO 6 &#8211; C\u00f3mo implicar a las comunidades"},"content":{"rendered":"<div class=\"fusion-fullwidth fullwidth-box fusion-builder-row-1 fusion-flex-container has-pattern-background has-mask-background nonhundred-percent-fullwidth non-hundred-percent-height-scrolling\" style=\"--awb-border-radius-top-left:0px;--awb-border-radius-top-right:0px;--awb-border-radius-bottom-right:0px;--awb-border-radius-bottom-left:0px;--awb-flex-wrap:wrap;\" ><div class=\"fusion-builder-row fusion-row fusion-flex-align-items-flex-start fusion-flex-content-wrap\" style=\"max-width:1248px;margin-left: calc(-4% \/ 2 );margin-right: calc(-4% \/ 2 );\"><div class=\"fusion-layout-column fusion_builder_column fusion-builder-column-0 fusion_builder_column_1_1 1_1 fusion-flex-column\" style=\"--awb-bg-size:cover;--awb-width-large:100%;--awb-margin-top-large:0px;--awb-spacing-right-large:0px;--awb-margin-bottom-large:20px;--awb-spacing-left-large:0px;--awb-width-medium:100%;--awb-order-medium:0;--awb-spacing-right-medium:0px;--awb-spacing-left-medium:0px;--awb-width-small:100%;--awb-order-small:0;--awb-spacing-right-small:1.92%;--awb-spacing-left-small:1.92%;\"><div class=\"fusion-column-wrapper fusion-column-has-shadow fusion-flex-justify-content-flex-start fusion-content-layout-column\"><div class=\"fusion-text fusion-text-1 fusion-text-no-margin\" style=\"--awb-margin-bottom:2vw;\"><p>El documento pretende dar herramientas a los educadores (y a quienes trabajan con personas con discapacidad) sobre c\u00f3mo activar la comunidad en la que vive la persona con discapacidad, ya sea f\u00edsica o intelectual. A menudo se ha insistido en lo importante que es trabajar para que una comunidad sea inclusiva, para que la persona con discapacidad sea un recurso y tenga las herramientas para autodeterminarse.<\/p>\n<\/div><div class=\"fusion-tabs fusion-tabs-1 classic vertical-tabs icon-position-left mobile-mode-accordion\" style=\"--icon-color:var(--awb-color6);--icon-active-color:var(--awb-color6);--awb-title-border-radius-top-left:0px;--awb-title-border-radius-top-right:0px;--awb-title-border-radius-bottom-right:0px;--awb-title-border-radius-bottom-left:0px;--awb-title-font-size:18px;--awb-alignment:start;--awb-inactive-color:#e6f8fc;--awb-title-text-color:var(--awb-color8);--awb-title-active-text-color:var(--awb-color6);--awb-background-color:var(--awb-color3);--awb-border-color:var(--awb-color1);--awb-active-border-color:var(--awb-color6);\"><div class=\"nav\"><ul class=\"nav-tabs\" role=\"tablist\"><li class=\"active\" role=\"presentation\"><a class=\"tab-link\" data-toggle=\"tab\" role=\"tab\" aria-controls=\"tab-b59aae6297d8c6b9e41\" aria-selected=\"true\" id=\"fusion-tab-informaci\u00f3ngeneral\" href=\"#tab-b59aae6297d8c6b9e41\"><h4 class=\"fusion-tab-heading\"><i class=\"fontawesome-icon fa-info-circle fas\" aria-hidden=\"true\" style=\"font-size:20px; --icon-color:var(--awb-color6);\"><\/i>Informaci\u00f3n general<\/h4><\/a><\/li><li role=\"presentation\"><a class=\"tab-link\" data-toggle=\"tab\" role=\"tab\" aria-controls=\"tab-a05b190615ff40b1504\" aria-selected=\"false\" tabindex=\"-1\" id=\"fusion-tab-recursos\" href=\"#tab-a05b190615ff40b1504\"><h4 class=\"fusion-tab-heading\"><i class=\"fontawesome-icon fa-file-download fas\" aria-hidden=\"true\" style=\"font-size:20px; --icon-color:var(--awb-color6);\"><\/i>Recursos<\/h4><\/a><\/li><\/ul><\/div><div class=\"tab-content\"><div class=\"nav fusion-mobile-tab-nav\"><ul class=\"nav-tabs\" role=\"tablist\"><li class=\"active\" role=\"presentation\"><a class=\"tab-link\" data-toggle=\"tab\" role=\"tab\" aria-controls=\"tab-b59aae6297d8c6b9e41\" aria-selected=\"true\" id=\"mobile-fusion-tab-informaci\u00f3ngeneral\" href=\"#tab-b59aae6297d8c6b9e41\"><h4 class=\"fusion-tab-heading\"><i class=\"fontawesome-icon fa-info-circle fas\" aria-hidden=\"true\" style=\"font-size:20px; --icon-color:var(--awb-color6);\"><\/i>Informaci\u00f3n general<\/h4><\/a><\/li><\/ul><\/div><div class=\"tab-pane fade fusion-clearfix in active\" role=\"tabpanel\" tabindex=\"0\" aria-labelledby=\"fusion-tab-informaci\u00f3ngeneral\" id=\"tab-b59aae6297d8c6b9e41\">\n<h4>La inclusi\u00f3n de las personas con discapacidad.<\/h4>\n<p>La inclusi\u00f3n no es un hecho para todas las personas. Una persona &#8220;incluida&#8221; debe disfrutar de unos niveles m\u00ednimos de bienestar. Si hablamos de personas con discapacidad, la inclusi\u00f3n social pretende que los entornos p\u00fablicos den una respuesta adecuada a las diferencias de las personas, haciendo as\u00ed que estos lugares sean accesibles, no s\u00f3lo f\u00edsicamente, sino tambi\u00e9n teniendo en cuenta las discapacidades cognitivas.<\/p>\n<h4>La importancia del medio ambiente<\/h4>\n<p>Est\u00e1 demostrado que una persona con discapacidad tiene una red social reducida. Los lugares p\u00fablicos pueden ayudar a implementar la inclusi\u00f3n en la vida p\u00fablica de cada individuo. No s\u00f3lo la persona con discapacidad debe ser parte activa de este proceso, sino especialmente los gestores de actividades y quienes frecuentan los lugares p\u00fablicos; es un sistema que ayuda a la autodeterminaci\u00f3n.<\/p>\n<h4>\u00bfQu\u00e9 hacer para mejorar?<\/h4>\n<p>El aspecto m\u00e1s importante para poder poner en marcha un proceso de inclusi\u00f3n es activar la comunidad local, con el objetivo de dialogar entre las partes que la plantean (ayuntamiento, asociaciones locales, empresas,&#8230;) para desarrollar nuevas oportunidades para cada individuo, no marginando a los excluidos.<\/p>\n<h4>C\u00f3mo puede ayudar Mind Inclusion en este proceso<\/h4>\n<p>La metodolog\u00eda Mind Inclusion pretende formar a los profesionales que trabajan en el \u00e1mbito de la discapacidad para que las realidades a las que asisten estas personas sean inclusivas y no creen brechas entre individuos con caracter\u00edsticas diferentes, potenciando su autodeterminaci\u00f3n y autonom\u00eda.<\/p>\n<h4>Conclusi\u00f3n<\/h4>\n<p>Es fundamental seguir trabajando con los gestores de lugares p\u00fablicos, ya que pueden ser aut\u00e9nticos activadores del cambio y pioneros de la inclusi\u00f3n.<\/p>\n<\/div><div class=\"nav fusion-mobile-tab-nav\"><ul class=\"nav-tabs\" role=\"tablist\"><li role=\"presentation\"><a class=\"tab-link\" data-toggle=\"tab\" role=\"tab\" aria-controls=\"tab-a05b190615ff40b1504\" aria-selected=\"false\" tabindex=\"-1\" id=\"mobile-fusion-tab-recursos\" href=\"#tab-a05b190615ff40b1504\"><h4 class=\"fusion-tab-heading\"><i class=\"fontawesome-icon fa-file-download fas\" aria-hidden=\"true\" style=\"font-size:20px; --icon-color:var(--awb-color6);\"><\/i>Recursos<\/h4><\/a><\/li><\/ul><\/div><div class=\"tab-pane fade fusion-clearfix\" role=\"tabpanel\" tabindex=\"0\" aria-labelledby=\"fusion-tab-recursos\" id=\"tab-a05b190615ff40b1504\">\n<h4>Recursos<\/h4>\n<ul style=\"--awb-iconcolor:var(--awb-color6);--awb-line-height:27.2px;--awb-icon-width:27.2px;--awb-icon-height:27.2px;--awb-icon-margin:11.2px;--awb-content-margin:38.4px;\" class=\"fusion-checklist fusion-checklist-1 fusion-checklist-default type-icons\"><li class=\"fusion-li-item\" style=\"\"><span class=\"icon-wrapper circle-no\"><i class=\"fusion-li-icon fa-file-download fas\" aria-hidden=\"true\"><\/i><\/span><div class=\"fusion-li-item-content\"><a href=\"https:\/\/drive.google.com\/file\/d\/1nOwTm2u9cWQ8lyOv6urLc2HYoOnaL0s6\/view?usp=sharing\" target=\"_blank\" rel=\"noopener\">M\u00f3dulo 6 &#8211; C\u00f3mo implicar a las comunidades<\/a><\/div><\/li><\/ul>\n<\/div><\/div><\/div><\/div><\/div><\/div><\/div>\n","protected":false},"excerpt":{"rendered":"","protected":false},"author":1,"featured_media":449,"comment_status":"closed","ping_status":"open","sticky":false,"template":"","format":"standard","meta":{"footnotes":""},"categories":[69,68],"tags":[],"class_list":["post-725","post","type-post","status-publish","format-standard","has-post-thumbnail","hentry","category-comunidad","category-personas"],"_links":{"self":[{"href":"https:\/\/olc.mindinclusion.eu\/es\/wp-json\/wp\/v2\/posts\/725","targetHints":{"allow":["GET"]}}],"collection":[{"href":"https:\/\/olc.mindinclusion.eu\/es\/wp-json\/wp\/v2\/posts"}],"about":[{"href":"https:\/\/olc.mindinclusion.eu\/es\/wp-json\/wp\/v2\/types\/post"}],"author":[{"embeddable":true,"href":"https:\/\/olc.mindinclusion.eu\/es\/wp-json\/wp\/v2\/users\/1"}],"replies":[{"embeddable":true,"href":"https:\/\/olc.mindinclusion.eu\/es\/wp-json\/wp\/v2\/comments?post=725"}],"version-history":[{"count":10,"href":"https:\/\/olc.mindinclusion.eu\/es\/wp-json\/wp\/v2\/posts\/725\/revisions"}],"predecessor-version":[{"id":1185,"href":"https:\/\/olc.mindinclusion.eu\/es\/wp-json\/wp\/v2\/posts\/725\/revisions\/1185"}],"wp:featuredmedia":[{"embeddable":true,"href":"https:\/\/olc.mindinclusion.eu\/es\/wp-json\/wp\/v2\/media\/449"}],"wp:attachment":[{"href":"https:\/\/olc.mindinclusion.eu\/es\/wp-json\/wp\/v2\/media?parent=725"}],"wp:term":[{"taxonomy":"category","embeddable":true,"href":"https:\/\/olc.mindinclusion.eu\/es\/wp-json\/wp\/v2\/categories?post=725"},{"taxonomy":"post_tag","embeddable":true,"href":"https:\/\/olc.mindinclusion.eu\/es\/wp-json\/wp\/v2\/tags?post=725"}],"curies":[{"name":"wp","href":"https:\/\/api.w.org\/{rel}","templated":true}]}}